{"id":812,"date":"2020-03-11T02:10:15","date_gmt":"2020-03-11T07:10:15","guid":{"rendered":"http:\/\/semillacentro.com\/main\/?p=812"},"modified":"2020-03-31T12:39:58","modified_gmt":"2020-03-31T17:39:58","slug":"enrique-orchansky-estamos-frente-a-una-epidemia-muy-feroz-de-soledad-infantil","status":"publish","type":"post","link":"https:\/\/semillacentro.com\/main\/enrique-orchansky-estamos-frente-a-una-epidemia-muy-feroz-de-soledad-infantil\/","title":{"rendered":"Enrique Orchansky: \u201cEstamos frente a una epidemia muy feroz de soledad infantil\u201d"},"content":{"rendered":"\t\t<div data-elementor-type=\"wp-post\" data-elementor-id=\"812\" class=\"elementor elementor-812\" data-elementor-settings=\"[]\">\n\t\t\t\t\t\t<div class=\"elementor-inner\">\n\t\t\t\t\t\t\t<div class=\"elementor-section-wrap\">\n\t\t\t\t\t\t\t<section class=\"elementor-section elementor-top-section elementor-element elementor-element-2def4ec elementor-section-boxed elementor-section-height-default elementor-section-height-default\" data-id=\"2def4ec\" data-element_type=\"section\">\n\t\t\t\t\t\t<div class=\"elementor-container elementor-column-gap-default\">\n\t\t\t\t\t\t\t<div class=\"elementor-row\">\n\t\t\t\t\t<div class=\"elementor-column elementor-col-100 elementor-top-column elementor-element elementor-element-611d0a6\" data-id=\"611d0a6\" data-element_type=\"column\">\n\t\t\t<div class=\"elementor-column-wrap elementor-element-populated\">\n\t\t\t\t\t\t\t<div class=\"elementor-widget-wrap\">\n\t\t\t\t\t\t<div class=\"elementor-element elementor-element-3a3d4ee elementor-widget elementor-widget-text-editor\" data-id=\"3a3d4ee\" data-element_type=\"widget\" data-widget_type=\"text-editor.default\">\n\t\t\t\t<div class=\"elementor-widget-container\">\n\t\t\t\t\t\t\t\t<div class=\"elementor-text-editor elementor-clearfix\">\n\t\t\t\t<h4>\u201cAlimentarse no es suficiente para llegar a estar sanos y fuertes; alimentarse es estar con alguien y compartir, es estar en comunidad y sentirse a salvo\u201d, nos explica el Pediatra Enrique Orchansky \u2013<\/h4>\t\t\t\t\t<\/div>\n\t\t\t\t\t\t<\/div>\n\t\t\t\t<\/div>\n\t\t\t\t\t\t<\/div>\n\t\t\t\t\t<\/div>\n\t\t<\/div>\n\t\t\t\t\t\t\t\t<\/div>\n\t\t\t\t\t<\/div>\n\t\t<\/section>\n\t\t\t\t<section class=\"elementor-section elementor-top-section elementor-element elementor-element-234105b elementor-section-boxed elementor-section-height-default elementor-section-height-default\" data-id=\"234105b\" data-element_type=\"section\">\n\t\t\t\t\t\t<div class=\"elementor-container elementor-column-gap-default\">\n\t\t\t\t\t\t\t<div class=\"elementor-row\">\n\t\t\t\t\t<div class=\"elementor-column elementor-col-100 elementor-top-column elementor-element elementor-element-2715419\" data-id=\"2715419\" data-element_type=\"column\">\n\t\t\t<div class=\"elementor-column-wrap elementor-element-populated\">\n\t\t\t\t\t\t\t<div class=\"elementor-widget-wrap\">\n\t\t\t\t\t\t<div class=\"elementor-element elementor-element-ca953f9 elementor-widget elementor-widget-text-editor\" data-id=\"ca953f9\" data-element_type=\"widget\" data-widget_type=\"text-editor.default\">\n\t\t\t\t<div class=\"elementor-widget-container\">\n\t\t\t\t\t\t\t\t<div class=\"elementor-text-editor elementor-clearfix\">\n\t\t\t\t<p class=\"XzvDs _208Ie tFDi5 blog-post-text-font blog-post-text-color _2QAo- _25MYV _6RI6N tFDi5\">La depresi\u00f3n en los ni\u00f1os y adolescentes es un tema latente en nuestra sociedad. Cada d\u00eda diagnostican m\u00e1s casos, pero eso no es lo grave, lo terrible es que cada vez hay m\u00e1s j\u00f3venes atentando contra su vida. Ante esto el llamado es urgente, que los padres vuelvan a conectarse con sus hijos, a escucharlos y contenerlos, a estar PRESENTES en cuerpo, mente y emoci\u00f3n. Pero, \u00bfqu\u00e9 est\u00e1 pasando?, \u00bfqu\u00e9 hacemos con nuestros hijos? o m\u00e1s bien, \u00bfqu\u00e9 hacemos como padres?<\/p><p class=\"XzvDs _208Ie tFDi5 blog-post-text-font blog-post-text-color _2QAo- _25MYV _6RI6N tFDi5\">El Pediatra Enrique Orchansky explica que lo que ha cambiado no son los hijos, \u201clo que ha cambiado estructuralmente son las familias, ya que son familias ensambladas con nuevos criterios, nuevos c\u00f3digos, nuevas formas de vinculaci\u00f3n\u201d, se\u00f1ala el especialista. Ello, debido a que la tecnolog\u00eda nos ha afectado de sobremanera la forma de vida, actualmente \u201cla conexi\u00f3n de aparatos electr\u00f3nicos ha cambiado la forma de hablar, los horarios de los chicos, ha cambiado la forma de dormir, de comer, claramente los chicos son los mismos, pero los ritmos son distintos\u201d, dice.<\/p><p class=\"XzvDs _208Ie tFDi5 blog-post-text-font blog-post-text-color _2QAo- _25MYV _6RI6N tFDi5\">La nueva forma de vida es tan r\u00e1pida que no alcanzamos a procesar cada acto, no logramos tomar consciencia de hechos importantes, de situaciones importantes y necesarias para el ser humano. El problema clave es que \u201chemos perdido rituales, por ejemplo, los chicos ya no comen, sino que cargan combustible, un ni\u00f1o cualquiera se levanta a las 6am, no desayuna porque odia el desayuno tan temprano y en ayuno pleno se sube a un transporte que se demora media hora en llegar al colegio y trata de aprender lo que puede. Luego, a las 10am desayuna un pedazo de pan u otra cosa, y los que almuerzan en el colegio, hacen que comen porque juegan se tiran el pan y hacen l\u00edo. Terminan el colegio entre 3pm o 4pm y ah\u00ed van donde los padres quieren que vayan para ser felices, juegan tenis, nataci\u00f3n, ballet o cualquier otra actividad. Luego a las 7:30pm tiene que hacer la tarea, a las 8 30 empieza la novela, y el padre nunca apaga la computadora porque tiene que seguir trabajando, y a las 10pm el chico se duerme encima de la mesa, y al otro d\u00eda tiene que empezar de nuevo. Y los fines de semana son mentira, porque la semana no termina nunca, entonces \u00bfc\u00f3mo no van a ver chicos distintos si se ha perdido el ritmo de comunicaci\u00f3n? Ellos prefieren chatear, quieren frases cortas, ideas breves. Entonces contar por chat lo que uno siente estamos llegando a l\u00edmites bien complejos\u201d, describe el pediatra. Por otra parte, \u201cel padre trabaja todo el d\u00eda y la madre tambi\u00e9n, donde el chico pasa a estar en manos de otro que no son los padres, entonces cuando demandamos l\u00edmites, demandamos obediencia, nos miran como diciendo \u00bfy t\u00fa qui\u00e9n eres? Entonces la soluci\u00f3n est\u00e1 en la mano de cada padre\u201d, dice el especialista.<\/p><p class=\"XzvDs _208Ie tFDi5 blog-post-text-font blog-post-text-color _2QAo- _25MYV _6RI6N tFDi5\">Ante esto s\u00f3lo hay una soluci\u00f3n, hacer frente a la necesidad de acompa\u00f1ar a nuestros hijos en su crecimiento, lo cual es fundamental, porque \u201cnutrir no es s\u00f3lo dar alimentos a un chico porque como dec\u00eda Eduardo Galeano, ha pasado a ser m\u00e1s importante el vestido de la novia que el amor por el cual se casa\u201d, describe el doctor.<\/p><p class=\"XzvDs _208Ie tFDi5 blog-post-text-font blog-post-text-color _2QAo- _25MYV _6RI6N tFDi5\">ENRIQUE ORCHANSKY: PRESENCIA Y EJEMPLO PARA ENSE\u00d1AR<\/p><p class=\"XzvDs _208Ie tFDi5 blog-post-text-font blog-post-text-color _2QAo- _25MYV _6RI6N tFDi5\">Enrique Orchansky lleg\u00f3 a la conclusi\u00f3n despu\u00e9s de 35 a\u00f1os de estudios de pediatr\u00eda y pedagog\u00eda para darse cuenta que en realidad todo estaba resumido en lo que dec\u00eda su abuela \u201cse ense\u00f1a con el ejemplo y qu\u00e9 l\u00e1stima haber estudiado tanto para volver a la misma s\u00edntesis que desde hace a\u00f1os funcionaba muy bien\u201d, dice el experto en la materia.<\/p><p class=\"XzvDs _208Ie tFDi5 blog-post-text-font blog-post-text-color _2QAo- _25MYV _6RI6N tFDi5\">Los padres debemos entender que de nada sirve si no estamos presentes en la vida de nuestros hijos. No sirven los regalos, no sirve andar pidiendo disculpas por no haber estado con ese ni\u00f1o que va recorriendo etapas como si fuera un recorrido pre-armado o un surco que tienen que caminar. Por esto es urgente recuperar esas pasiones p\u00e9rdidas para mostrarle nuestros hijos \u201cque s\u00ed vale la pena vivir por cosas que nos emocionan.<\/p><p class=\"XzvDs _208Ie tFDi5 blog-post-text-font blog-post-text-color _2QAo- _25MYV _6RI6N tFDi5\">Vale la pena de vez en cuando decir delante de los chicos, \u201cme encanta esta vida que tengo, doy gracias por esto\u201d, \u201cme encanta mi trabajo\u201d, \u201choy ayud\u00e9 a alguien\u201d, \u201cestoy estudiando y aprender es para siempre, no para rendir una materia, sino porque el conocimiento me libera y porque leer me transporta a un mundo que quiz\u00e1s nunca pueda acceder\u201d. Esos mensajes esperanzadores est\u00e1n al alcance de cualquier persona.<\/p><p class=\"XzvDs _208Ie tFDi5 blog-post-text-font blog-post-text-color _2QAo- _25MYV _6RI6N tFDi5\">No hace falta comprarles la Play 4 con todos los artefactos para que sean felices. Hay que trasladarles el por qu\u00e9 para cuando ellos armen sus propios proyectos no del \u201cqu\u00e9 quiero hacer\u201d sino del \u201cqui\u00e9n quiero ser\u201d, nos ejemplifica el pediatra y agrega que ellos \u201cno est\u00e1n para cumplir nuestros sue\u00f1os o deseos sino para que descubramos los deseos y sue\u00f1os de ellos y los ayudemos a que los concreten\u201d.<\/p><p class=\"XzvDs _208Ie tFDi5 blog-post-text-font blog-post-text-color _2QAo- _25MYV _6RI6N tFDi5\">La calidad de vida que nosotros les estamos entregando a nuestros hijos es primordial, estar presentes, entregarles contenci\u00f3n, protecci\u00f3n, valoraci\u00f3n, a trav\u00e9s de rituales como sentarnos todos juntos en la mesa para compartir, conversar, para que se sientan parte de una comunidad.<\/p><p class=\"XzvDs _208Ie tFDi5 blog-post-text-font blog-post-text-color _2QAo- _25MYV _6RI6N tFDi5\">Los ni\u00f1os \u201cnecesitan comer menos ravioles pero que se los de un familiar, comer con alguien. Alimentarse no es suficiente para llegar a estar sanos y fuertes; alimentarse es estar con alguien, compartir. La palabra comida tiene una ra\u00edz com\u00fa con comunidad, y la comida es la comuni\u00f3n que uno hace con un plato al medio. Tambi\u00e9n los chicos mayores quieren mirar la cara de alguien y en lo posible la madre, el padre, una abuela, alg\u00fan familiar con el cual sentirse en comunidad y sentirse a salvo. Eso es nutrirlos. Estamos frente a una epidemia muy feroz de soledad infantil\u201d, finaliza el especialista Orchansky.<\/p>\t\t\t\t\t<\/div>\n\t\t\t\t\t\t<\/div>\n\t\t\t\t<\/div>\n\t\t\t\t\t\t<\/div>\n\t\t\t\t\t<\/div>\n\t\t<\/div>\n\t\t\t\t\t\t\t\t<\/div>\n\t\t\t\t\t<\/div>\n\t\t<\/section>\n\t\t\t\t\t\t<\/div>\n\t\t\t\t\t\t<\/div>\n\t\t\t\t\t<\/div>\n\t\t","protected":false},"excerpt":{"rendered":"<p>\u201cAlimentarse no es suficiente para llegar a estar sanos y fuertes; alimentarse es estar con alguien y compartir, es estar en comunidad y sentirse a salvo\u201d, nos explica el Pediatra Enrique Orchansky \u2013 La depresi\u00f3n en los ni\u00f1os y adolescentes es un tema latente en nuestra sociedad. Cada d\u00eda diagnostican m\u00e1s casos, pero eso no &hellip;<\/p>\n<p class=\"read-more\"> <a class=\"\" href=\"https:\/\/semillacentro.com\/main\/enrique-orchansky-estamos-frente-a-una-epidemia-muy-feroz-de-soledad-infantil\/\"> <span class=\"screen-reader-text\">Enrique Orchansky: \u201cEstamos frente a una epidemia muy feroz de soledad infantil\u201d<\/span> Leer m\u00e1s &raquo;<\/a><\/p>\n","protected":false},"author":4,"featured_media":1085,"comment_status":"open","ping_status":"open","sticky":false,"template":"","format":"standard","meta":{"footnotes":""},"categories":[1],"tags":[],"class_list":["post-812","post","type-post","status-publish","format-standard","has-post-thumbnail","hentry","category-blog"],"_links":{"self":[{"href":"https:\/\/semillacentro.com\/main\/wp-json\/wp\/v2\/posts\/812","targetHints":{"allow":["GET"]}}],"collection":[{"href":"https:\/\/semillacentro.com\/main\/wp-json\/wp\/v2\/posts"}],"about":[{"href":"https:\/\/semillacentro.com\/main\/wp-json\/wp\/v2\/types\/post"}],"author":[{"embeddable":true,"href":"https:\/\/semillacentro.com\/main\/wp-json\/wp\/v2\/users\/4"}],"replies":[{"embeddable":true,"href":"https:\/\/semillacentro.com\/main\/wp-json\/wp\/v2\/comments?post=812"}],"version-history":[{"count":5,"href":"https:\/\/semillacentro.com\/main\/wp-json\/wp\/v2\/posts\/812\/revisions"}],"predecessor-version":[{"id":1095,"href":"https:\/\/semillacentro.com\/main\/wp-json\/wp\/v2\/posts\/812\/revisions\/1095"}],"wp:featuredmedia":[{"embeddable":true,"href":"https:\/\/semillacentro.com\/main\/wp-json\/wp\/v2\/media\/1085"}],"wp:attachment":[{"href":"https:\/\/semillacentro.com\/main\/wp-json\/wp\/v2\/media?parent=812"}],"wp:term":[{"taxonomy":"category","embeddable":true,"href":"https:\/\/semillacentro.com\/main\/wp-json\/wp\/v2\/categories?post=812"},{"taxonomy":"post_tag","embeddable":true,"href":"https:\/\/semillacentro.com\/main\/wp-json\/wp\/v2\/tags?post=812"}],"curies":[{"name":"wp","href":"https:\/\/api.w.org\/{rel}","templated":true}]}}